{"id":6429,"date":"2019-04-02T12:06:30","date_gmt":"2019-04-02T10:06:30","guid":{"rendered":"https:\/\/serwer2632961.hosting-home.pl\/?p=6429"},"modified":"2019-04-02T12:20:26","modified_gmt":"2019-04-02T10:20:26","slug":"nieruchomosci-zlokalizowane-na-terenie-parku-naukowo-technologicznego-w-elku-na-sprzedaz","status":"publish","type":"post","link":"https:\/\/technopark.elk.pl\/en\/2019\/04\/02\/nieruchomosci-zlokalizowane-na-terenie-parku-naukowo-technologicznego-w-elku-na-sprzedaz\/","title":{"rendered":"Nieruchomo\u015bci niezabudowane zlokalizowane na terenie Parku Naukowo-Technologicznego w E\u0142ku na sprzeda\u017c."},"content":{"rendered":"<p style=\"text-align: justify;\">Prezydent Miasta E\u0142ku og\u0142osi\u0142 przetarg na sprzeda\u017c nieruchomo\u015bci gruntowych niezabudowanych, obj\u0119tych obszarem Suwalskiej Specjalnej Strefy Ekonomicznej Podstrefy E\u0142k, zlokalizowanych na terenie Parku Naukowo-Technologicznego w E\u0142ku.<\/p>\n<p style=\"text-align: justify;\"><strong>Termin sk\u0142adania ofert i wniesienia wadium: do 17 kwietnia 2019 r. do godziny 15.00.<\/strong><\/p>\n<p style=\"text-align: justify;\"><strong>Miejsce sk\u0142adania ofert: Urz\u0105d Miasta E\u0142ku, ul. Pi\u0142sudskiego 4, pok\u00f3j nr 02.<\/strong><\/p>\n<p><strong>&nbsp;<\/strong><strong>Przedmiot przetargu:<\/strong><\/p>\n<p><strong>1. Obr\u0119b i numer dzia\u0142ki<\/strong>: 2 \u2013 2150 (kompleks C)<\/p>\n<p>&#8211; <strong>Powierzchnia<\/strong>: 0,4782&nbsp;ha<\/p>\n<p>&#8211;<strong> Cena (netto)<\/strong>: 242&nbsp;300 z\u0142<\/p>\n<p><strong>2. Obr\u0119b i numery dzia\u0142ek<\/strong>: 2 &#8211; 2102\/4 i 2122 (kompleks D)<\/p>\n<p>&#8211; <strong>Powierzchnia<\/strong>: 0,8158 ha<\/p>\n<p>&#8211;<strong> Cena (netto)<\/strong>:&nbsp;477 700&nbsp;z\u0142<\/p>\n<p><strong>Niezb\u0119dne informacje znajd\u0105 Pa\u0144stwo pod adresem: <\/strong><\/p>\n<p><a href=\"http:\/\/bip.elk.warmia.mazury.pl\/177\/5893\/Ogloszenie_o_kolejnym_przetargu_pisemnym_nieograniczonym_na_sprzedaz_nieruchomosci_gruntowych_niezabudowanych_2C_polozonych_w_Elku_przy_ul__Podmiejskiej_2C_objetych_obszarem_SSSE_Podstrefa_Elk_2C_o_obszarze_3A_0_2C4782_ha_i_0_2C8158_ha\/\">http:\/\/bip.elk.warmia.mazury.pl\/177\/5893\/Ogloszenie_o_kolejnym_przetargu_pisemnym_nieograniczonym_na_sprzedaz_nieruchomosci_gruntowych_niezabudowanych_2C_polozonych_w_Elku_przy_ul__Podmiejskiej_2C_objetych_obszarem_SSSE_Podstrefa_Elk_2C_o_obszarze_3A_0_2C4782_ha_i_0_2C8158_ha\/<\/a><\/p>\n<p>oraz<\/p>\n<p><a href=\"http:\/\/investin.elk.pl\/tereny-inwestycyjne\">http:\/\/investin.elk.pl\/tereny-inwestycyjne<\/a><\/p>\n<p>&nbsp;<\/p>\n","protected":false},"excerpt":{"rendered":"<p>Prezydent Miasta E\u0142ku og\u0142osi\u0142 przetarg na sprzeda\u017c nieruchomo\u015bci gruntowych niezabudowanych, obj\u0119tych obszarem Suwalskiej Specjalnej Strefy Ekonomicznej Podstrefy E\u0142k, zlokalizowanych na terenie Parku Naukowo-Technologicznego w E\u0142ku. Termin sk\u0142adania ofert i wniesienia wadium: do 17 kwietnia 2019 r. do godziny 15.00. Miejsce sk\u0142adania ofert: Urz\u0105d Miasta E\u0142ku, ul. Pi\u0142sudskiego 4, pok\u00f3j nr 02. &nbsp;Przedmiot przetargu: 1. Obr\u0119b [&hellip;]<\/p>\n","protected":false},"author":4,"featured_media":5672,"comment_status":"open","ping_status":"open","sticky":false,"template":"","format":"standard","meta":{"footnotes":""},"categories":[9],"tags":[],"post_folder":[],"acf":[],"yoast_head":"<!-- This site is optimized with the Yoast SEO plugin v22.6 - https:\/\/yoast.com\/wordpress\/plugins\/seo\/ -->\n<title>Nieruchomo\u015bci niezabudowane zlokalizowane na terenie Parku Naukowo-Technologicznego w E\u0142ku na sprzeda\u017c. - Technopark<\/title>\n<meta name=\"robots\" content=\"index, follow, max-snippet:-1, max-image-preview:large, max-video-preview:-1\" \/>\n<link rel=\"canonical\" href=\"https:\/\/technopark.elk.pl\/en\/2019\/04\/02\/nieruchomosci-zlokalizowane-na-terenie-parku-naukowo-technologicznego-w-elku-na-sprzedaz\/\" \/>\n<meta property=\"og:locale\" content=\"en_US\" \/>\n<meta property=\"og:type\" content=\"article\" \/>\n<meta property=\"og:title\" content=\"Nieruchomo\u015bci niezabudowane zlokalizowane na terenie Parku Naukowo-Technologicznego w E\u0142ku na sprzeda\u017c. - Technopark\" \/>\n<meta property=\"og:description\" content=\"Prezydent Miasta E\u0142ku og\u0142osi\u0142 przetarg na sprzeda\u017c nieruchomo\u015bci gruntowych niezabudowanych, obj\u0119tych obszarem Suwalskiej Specjalnej Strefy Ekonomicznej Podstrefy E\u0142k, zlokalizowanych na terenie Parku Naukowo-Technologicznego w E\u0142ku. Termin sk\u0142adania ofert i wniesienia wadium: do 17 kwietnia 2019 r. do godziny 15.00. Miejsce sk\u0142adania ofert: Urz\u0105d Miasta E\u0142ku, ul. Pi\u0142sudskiego 4, pok\u00f3j nr 02. &nbsp;Przedmiot przetargu: 1. Obr\u0119b [&hellip;]\" \/>\n<meta property=\"og:url\" content=\"https:\/\/technopark.elk.pl\/2019\/04\/02\/nieruchomosci-zlokalizowane-na-terenie-parku-naukowo-technologicznego-w-elku-na-sprzedaz\/\" \/>\n<meta property=\"og:site_name\" content=\"Technopark\" \/>\n<meta property=\"article:publisher\" content=\"https:\/\/www.facebook.com\/technopark.elk\" \/>\n<meta property=\"article:published_time\" content=\"2019-04-02T10:06:30+00:00\" \/>\n<meta property=\"article:modified_time\" content=\"2019-04-02T10:20:26+00:00\" \/>\n<meta property=\"og:image\" content=\"https:\/\/technopark.elk.pl\/wp-content\/uploads\/2018\/10\/PNT-wersja-rozszerzona.png\" \/>\n\t<meta property=\"og:image:width\" content=\"1856\" \/>\n\t<meta property=\"og:image:height\" content=\"732\" \/>\n\t<meta property=\"og:image:type\" content=\"image\/png\" \/>\n<meta name=\"author\" content=\"Hara\u015b\" \/>\n<meta name=\"twitter:card\" content=\"summary_large_image\" \/>\n<meta name=\"twitter:label1\" content=\"Written by\" \/>\n\t<meta name=\"twitter:data1\" content=\"Hara\u015b\" \/>\n\t<meta name=\"twitter:label2\" content=\"Est. reading time\" \/>\n\t<meta name=\"twitter:data2\" content=\"1 minute\" \/>\n<script type=\"application\/ld+json\" class=\"yoast-schema-graph\">{\"@context\":\"https:\/\/schema.org\",\"@graph\":[{\"@type\":\"WebPage\",\"@id\":\"https:\/\/technopark.elk.pl\/2019\/04\/02\/nieruchomosci-zlokalizowane-na-terenie-parku-naukowo-technologicznego-w-elku-na-sprzedaz\/\",\"url\":\"https:\/\/technopark.elk.pl\/2019\/04\/02\/nieruchomosci-zlokalizowane-na-terenie-parku-naukowo-technologicznego-w-elku-na-sprzedaz\/\",\"name\":\"Nieruchomo\u015bci niezabudowane zlokalizowane na terenie Parku Naukowo-Technologicznego w E\u0142ku na sprzeda\u017c. - Technopark\",\"isPartOf\":{\"@id\":\"https:\/\/technopark.elk.pl\/#website\"},\"primaryImageOfPage\":{\"@id\":\"https:\/\/technopark.elk.pl\/2019\/04\/02\/nieruchomosci-zlokalizowane-na-terenie-parku-naukowo-technologicznego-w-elku-na-sprzedaz\/#primaryimage\"},\"image\":{\"@id\":\"https:\/\/technopark.elk.pl\/2019\/04\/02\/nieruchomosci-zlokalizowane-na-terenie-parku-naukowo-technologicznego-w-elku-na-sprzedaz\/#primaryimage\"},\"thumbnailUrl\":\"https:\/\/technopark.elk.pl\/wp-content\/uploads\/2018\/10\/PNT-wersja-rozszerzona.png\",\"datePublished\":\"2019-04-02T10:06:30+00:00\",\"dateModified\":\"2019-04-02T10:20:26+00:00\",\"author\":{\"@id\":\"https:\/\/technopark.elk.pl\/#\/schema\/person\/f16e3dc0a620211aa936ef2b1b739e14\"},\"breadcrumb\":{\"@id\":\"https:\/\/technopark.elk.pl\/2019\/04\/02\/nieruchomosci-zlokalizowane-na-terenie-parku-naukowo-technologicznego-w-elku-na-sprzedaz\/#breadcrumb\"},\"inLanguage\":\"en-US\",\"potentialAction\":[{\"@type\":\"ReadAction\",\"target\":[\"https:\/\/technopark.elk.pl\/2019\/04\/02\/nieruchomosci-zlokalizowane-na-terenie-parku-naukowo-technologicznego-w-elku-na-sprzedaz\/\"]}]},{\"@type\":\"ImageObject\",\"inLanguage\":\"en-US\",\"@id\":\"https:\/\/technopark.elk.pl\/2019\/04\/02\/nieruchomosci-zlokalizowane-na-terenie-parku-naukowo-technologicznego-w-elku-na-sprzedaz\/#primaryimage\",\"url\":\"https:\/\/technopark.elk.pl\/wp-content\/uploads\/2018\/10\/PNT-wersja-rozszerzona.png\",\"contentUrl\":\"https:\/\/technopark.elk.pl\/wp-content\/uploads\/2018\/10\/PNT-wersja-rozszerzona.png\",\"width\":1856,\"height\":732},{\"@type\":\"BreadcrumbList\",\"@id\":\"https:\/\/technopark.elk.pl\/2019\/04\/02\/nieruchomosci-zlokalizowane-na-terenie-parku-naukowo-technologicznego-w-elku-na-sprzedaz\/#breadcrumb\",\"itemListElement\":[{\"@type\":\"ListItem\",\"position\":1,\"name\":\"Strona g\u0142\u00f3wna\",\"item\":\"https:\/\/technopark.elk.pl\/en\/\"},{\"@type\":\"ListItem\",\"position\":2,\"name\":\"Nieruchomo\u015bci niezabudowane zlokalizowane na terenie Parku Naukowo-Technologicznego w E\u0142ku na sprzeda\u017c.\"}]},{\"@type\":\"WebSite\",\"@id\":\"https:\/\/technopark.elk.pl\/#website\",\"url\":\"https:\/\/technopark.elk.pl\/\",\"name\":\"Technopark\",\"description\":\"Park Naukowo-Technologiczny w E\u0142ku\",\"potentialAction\":[{\"@type\":\"SearchAction\",\"target\":{\"@type\":\"EntryPoint\",\"urlTemplate\":\"https:\/\/technopark.elk.pl\/?s={search_term_string}\"},\"query-input\":\"required name=search_term_string\"}],\"inLanguage\":\"en-US\"},{\"@type\":\"Person\",\"@id\":\"https:\/\/technopark.elk.pl\/#\/schema\/person\/f16e3dc0a620211aa936ef2b1b739e14\",\"name\":\"Hara\u015b\",\"sameAs\":[\"https:\/\/serwer2632961.hosting-home.pl\"],\"url\":\"https:\/\/technopark.elk.pl\/en\/author\/pawel\/\"}]}<\/script>\n<!-- \/ Yoast SEO plugin. -->","yoast_head_json":{"title":"Nieruchomo\u015bci niezabudowane zlokalizowane na terenie Parku Naukowo-Technologicznego w E\u0142ku na sprzeda\u017c. - Technopark","robots":{"index":"index","follow":"follow","max-snippet":"max-snippet:-1","max-image-preview":"max-image-preview:large","max-video-preview":"max-video-preview:-1"},"canonical":"https:\/\/technopark.elk.pl\/en\/2019\/04\/02\/nieruchomosci-zlokalizowane-na-terenie-parku-naukowo-technologicznego-w-elku-na-sprzedaz\/","og_locale":"en_US","og_type":"article","og_title":"Nieruchomo\u015bci niezabudowane zlokalizowane na terenie Parku Naukowo-Technologicznego w E\u0142ku na sprzeda\u017c. - Technopark","og_description":"Prezydent Miasta E\u0142ku og\u0142osi\u0142 przetarg na sprzeda\u017c nieruchomo\u015bci gruntowych niezabudowanych, obj\u0119tych obszarem Suwalskiej Specjalnej Strefy Ekonomicznej Podstrefy E\u0142k, zlokalizowanych na terenie Parku Naukowo-Technologicznego w E\u0142ku. Termin sk\u0142adania ofert i wniesienia wadium: do 17 kwietnia 2019 r. do godziny 15.00. Miejsce sk\u0142adania ofert: Urz\u0105d Miasta E\u0142ku, ul. Pi\u0142sudskiego 4, pok\u00f3j nr 02. &nbsp;Przedmiot przetargu: 1. Obr\u0119b [&hellip;]","og_url":"https:\/\/technopark.elk.pl\/2019\/04\/02\/nieruchomosci-zlokalizowane-na-terenie-parku-naukowo-technologicznego-w-elku-na-sprzedaz\/","og_site_name":"Technopark","article_publisher":"https:\/\/www.facebook.com\/technopark.elk","article_published_time":"2019-04-02T10:06:30+00:00","article_modified_time":"2019-04-02T10:20:26+00:00","og_image":[{"width":1856,"height":732,"url":"https:\/\/technopark.elk.pl\/wp-content\/uploads\/2018\/10\/PNT-wersja-rozszerzona.png","type":"image\/png"}],"author":"Hara\u015b","twitter_card":"summary_large_image","twitter_misc":{"Written by":"Hara\u015b","Est. reading time":"1 minute"},"schema":{"@context":"https:\/\/schema.org","@graph":[{"@type":"WebPage","@id":"https:\/\/technopark.elk.pl\/2019\/04\/02\/nieruchomosci-zlokalizowane-na-terenie-parku-naukowo-technologicznego-w-elku-na-sprzedaz\/","url":"https:\/\/technopark.elk.pl\/2019\/04\/02\/nieruchomosci-zlokalizowane-na-terenie-parku-naukowo-technologicznego-w-elku-na-sprzedaz\/","name":"Nieruchomo\u015bci niezabudowane zlokalizowane na terenie Parku Naukowo-Technologicznego w E\u0142ku na sprzeda\u017c. - Technopark","isPartOf":{"@id":"https:\/\/technopark.elk.pl\/#website"},"primaryImageOfPage":{"@id":"https:\/\/technopark.elk.pl\/2019\/04\/02\/nieruchomosci-zlokalizowane-na-terenie-parku-naukowo-technologicznego-w-elku-na-sprzedaz\/#primaryimage"},"image":{"@id":"https:\/\/technopark.elk.pl\/2019\/04\/02\/nieruchomosci-zlokalizowane-na-terenie-parku-naukowo-technologicznego-w-elku-na-sprzedaz\/#primaryimage"},"thumbnailUrl":"https:\/\/technopark.elk.pl\/wp-content\/uploads\/2018\/10\/PNT-wersja-rozszerzona.png","datePublished":"2019-04-02T10:06:30+00:00","dateModified":"2019-04-02T10:20:26+00:00","author":{"@id":"https:\/\/technopark.elk.pl\/#\/schema\/person\/f16e3dc0a620211aa936ef2b1b739e14"},"breadcrumb":{"@id":"https:\/\/technopark.elk.pl\/2019\/04\/02\/nieruchomosci-zlokalizowane-na-terenie-parku-naukowo-technologicznego-w-elku-na-sprzedaz\/#breadcrumb"},"inLanguage":"en-US","potentialAction":[{"@type":"ReadAction","target":["https:\/\/technopark.elk.pl\/2019\/04\/02\/nieruchomosci-zlokalizowane-na-terenie-parku-naukowo-technologicznego-w-elku-na-sprzedaz\/"]}]},{"@type":"ImageObject","inLanguage":"en-US","@id":"https:\/\/technopark.elk.pl\/2019\/04\/02\/nieruchomosci-zlokalizowane-na-terenie-parku-naukowo-technologicznego-w-elku-na-sprzedaz\/#primaryimage","url":"https:\/\/technopark.elk.pl\/wp-content\/uploads\/2018\/10\/PNT-wersja-rozszerzona.png","contentUrl":"https:\/\/technopark.elk.pl\/wp-content\/uploads\/2018\/10\/PNT-wersja-rozszerzona.png","width":1856,"height":732},{"@type":"BreadcrumbList","@id":"https:\/\/technopark.elk.pl\/2019\/04\/02\/nieruchomosci-zlokalizowane-na-terenie-parku-naukowo-technologicznego-w-elku-na-sprzedaz\/#breadcrumb","itemListElement":[{"@type":"ListItem","position":1,"name":"Strona g\u0142\u00f3wna","item":"https:\/\/technopark.elk.pl\/en\/"},{"@type":"ListItem","position":2,"name":"Nieruchomo\u015bci niezabudowane zlokalizowane na terenie Parku Naukowo-Technologicznego w E\u0142ku na sprzeda\u017c."}]},{"@type":"WebSite","@id":"https:\/\/technopark.elk.pl\/#website","url":"https:\/\/technopark.elk.pl\/","name":"Technopark","description":"Park Naukowo-Technologiczny w E\u0142ku","potentialAction":[{"@type":"SearchAction","target":{"@type":"EntryPoint","urlTemplate":"https:\/\/technopark.elk.pl\/?s={search_term_string}"},"query-input":"required name=search_term_string"}],"inLanguage":"en-US"},{"@type":"Person","@id":"https:\/\/technopark.elk.pl\/#\/schema\/person\/f16e3dc0a620211aa936ef2b1b739e14","name":"Hara\u015b","sameAs":["https:\/\/serwer2632961.hosting-home.pl"],"url":"https:\/\/technopark.elk.pl\/en\/author\/pawel\/"}]}},"_links":{"self":[{"href":"https:\/\/technopark.elk.pl\/en\/wp-json\/wp\/v2\/posts\/6429"}],"collection":[{"href":"https:\/\/technopark.elk.pl\/en\/wp-json\/wp\/v2\/posts"}],"about":[{"href":"https:\/\/technopark.elk.pl\/en\/wp-json\/wp\/v2\/types\/post"}],"author":[{"embeddable":true,"href":"https:\/\/technopark.elk.pl\/en\/wp-json\/wp\/v2\/users\/4"}],"replies":[{"embeddable":true,"href":"https:\/\/technopark.elk.pl\/en\/wp-json\/wp\/v2\/comments?post=6429"}],"version-history":[{"count":12,"href":"https:\/\/technopark.elk.pl\/en\/wp-json\/wp\/v2\/posts\/6429\/revisions"}],"predecessor-version":[{"id":6449,"href":"https:\/\/technopark.elk.pl\/en\/wp-json\/wp\/v2\/posts\/6429\/revisions\/6449"}],"wp:featuredmedia":[{"embeddable":true,"href":"https:\/\/technopark.elk.pl\/en\/wp-json\/wp\/v2\/media\/5672"}],"wp:attachment":[{"href":"https:\/\/technopark.elk.pl\/en\/wp-json\/wp\/v2\/media?parent=6429"}],"wp:term":[{"taxonomy":"category","embeddable":true,"href":"https:\/\/technopark.elk.pl\/en\/wp-json\/wp\/v2\/categories?post=6429"},{"taxonomy":"post_tag","embeddable":true,"href":"https:\/\/technopark.elk.pl\/en\/wp-json\/wp\/v2\/tags?post=6429"},{"taxonomy":"post_folder","embeddable":true,"href":"https:\/\/technopark.elk.pl\/en\/wp-json\/wp\/v2\/post_folder?post=6429"}],"curies":[{"name":"wp","href":"https:\/\/api.w.org\/{rel}","templated":true}]}}