{"id":12149,"date":"2023-05-05T09:49:23","date_gmt":"2023-05-05T07:49:23","guid":{"rendered":"https:\/\/serwer2632961.hosting-home.pl\/?p=12149"},"modified":"2023-05-15T07:43:34","modified_gmt":"2023-05-15T05:43:34","slug":"wariacje-z-nauka-w-elku-wyjatkowe-wydarzenie-z-okazji-550-rocznicy-urodzin-mikolaja-kopernika","status":"publish","type":"post","link":"https:\/\/technopark.elk.pl\/en\/2023\/05\/05\/wariacje-z-nauka-w-elku-wyjatkowe-wydarzenie-z-okazji-550-rocznicy-urodzin-mikolaja-kopernika\/","title":{"rendered":"WARIACJE Z NAUK\u0104 w E\u0142ku &#8211; wyj\u0105tkowe wydarzenie z okazji 550. rocznicy urodzin Miko\u0142aja Kopernika!"},"content":{"rendered":"<div class=\"flex flex-grow flex-col gap-3\">\n<div class=\"min-h-[20px] flex flex-col items-start gap-4 whitespace-pre-wrap break-words\">\n<div class=\"markdown prose w-full break-words dark:prose-invert light\">\n<p>Zapraszamy serdecznie na wyj\u0105tkowe wydarzenie, kt\u00f3re odb\u0119dzie si\u0119 20 maja w godzinach 9:00-14:30, z okazji 550. rocznicy urodzin Miko\u0142aja Kopernika. Organizatorem imprezy jest Park Naukowo-Technologiczny w E\u0142ku.<\/p>\n<p>Tego dnia, ka\u017cdy z nas b\u0119dzie mia\u0142 okazj\u0119 pozna\u0107 tajniki kosmosu&nbsp; w ciekawy i interaktywny spos\u00f3b. Przygotowali\u015bmy bogaty program, kt\u00f3ry z pewno\u015bci\u0105 zainteresuje zar\u00f3wno m\u0142odszych, jak i starszych uczestnik\u00f3w.<\/p>\n<p>W trakcie wydarzenia odb\u0119d\u0105 si\u0119:<\/p>\n<p><strong><span style=\"color: #339966;\">Pokazy naukowe przygotowane przez <\/span><a href=\"https:\/\/www.kopernik.org.pl\/\"><span style=\"color: #339966;\">Centrum Nauki Kopernik<\/span> <\/a><\/strong>Wydarzenie otwarte, nie obowi\u0105zuj\u0105 zapisy. Pokazy w godzinach:<\/p>\n<div class=\"x11i5rnm xat24cr x1mh8g0r x1vvkbs xtlvy1s\">09.00 -09.30 pokaz O!\u015awiecenie<\/div>\n<div class=\"x11i5rnm xat24cr x1mh8g0r x1vvkbs xtlvy1s\">10.00 -10.30 Kopernik na K\u00f3\u0142kach<\/div>\n<div class=\"x11i5rnm xat24cr x1mh8g0r x1vvkbs xtlvy1s\">11.00-11.30 pokaz O!\u015awiecenie<\/div>\n<div class=\"x11i5rnm xat24cr x1mh8g0r x1vvkbs xtlvy1s\">12.00-12.30 Kopernik na K\u00f3\u0142kach<\/div>\n<div class=\"x11i5rnm xat24cr x1mh8g0r x1vvkbs xtlvy1s\">13.00-13.30 pokaz O!\u015awiecenie<\/div>\n<div class=\"x11i5rnm xat24cr x1mh8g0r x1vvkbs xtlvy1s\">14.00-14.30 Kopernik na K\u00f3\u0142kach<\/div>\n<p>&nbsp;<\/p>\n<p><span style=\"color: #339966;\"><strong>Seanse w <a style=\"color: #339966;\" href=\"https:\/\/event-planetarium.pl\/\">Mobilnym Planetarium<\/a>, kt\u00f3re zabierze Was w kosmiczn\u0105 podr\u00f3\u017c.<\/strong> <\/span>Wydarzenie otwarte, nie obowi\u0105zuj\u0105 zapisy. Pokazy w godzinach:<\/p>\n<div class=\"x11i5rnm xat24cr x1mh8g0r x1vvkbs xtlvy1s\">09.00 -09.30<\/div>\n<div class=\"x11i5rnm xat24cr x1mh8g0r x1vvkbs xtlvy1s\">10.00 -10.30<\/div>\n<div class=\"x11i5rnm xat24cr x1mh8g0r x1vvkbs xtlvy1s\">11.00-11.30<\/div>\n<div class=\"x11i5rnm xat24cr x1mh8g0r x1vvkbs xtlvy1s\">12.00-12.30<\/div>\n<div class=\"x11i5rnm xat24cr x1mh8g0r x1vvkbs xtlvy1s\">13.00-13.30<\/div>\n<div class=\"x11i5rnm xat24cr x1mh8g0r x1vvkbs xtlvy1s\">14.00-14.30<\/div>\n<p>&nbsp;<\/p>\n<p>Dla mi\u0142o\u015bnik\u00f3w gier przygotowali\u015bmy <a href=\"https:\/\/legendary-event.pl\/\"><strong><span style=\"color: #339966;\">3 stanowiska z konsolami<\/span><\/strong><\/a><strong><span style=\"color: #339966;\">&nbsp;i dwa <a style=\"color: #339966;\" href=\"https:\/\/vrstudio.pl\/\">stanowiska VR.<\/a> <\/span><\/strong>Wydarzenie otwarte, nie obowi\u0105zuj\u0105 zapisy.<\/p>\n<p><strong><span style=\"color: #339966;\">&nbsp;<a style=\"color: #339966;\" href=\"http:\/\/www.roe.wsg.byd.pl\/elk.1.html\">Wy\u017csza Szko\u0142a Gospodarki w E\u0142ku<\/a> zorganizuje dla Was quiz wiedzy o Koperniku<\/span><\/strong>, przewidziane drobne nagrody! Wydarzenie otwarte, nie obowi\u0105zuj\u0105 zapisy.<\/p>\n<p>Czekaj\u0105 na Was tak\u017ce <span style=\"color: #339966;\"><strong>warsztaty plastyczne prowadzone przez specjalist\u00f3w z<\/strong> <a style=\"color: #339966;\" href=\"https:\/\/academy-of-art.grwebsite.pl\/\">Academy of Art<\/a> <\/span>, podczas kt\u00f3rych b\u0119dziemy tworzy\u0107 prace zwi\u0105zane z Kopernikiem i kosmosem. To doskona\u0142a okazja, aby rozwija\u0107 swoje zainteresowania i pasje, ale tak\u017ce sp\u0119dzi\u0107 mi\u0142o czas z rodzin\u0105 i przyjaci\u00f3\u0142mi.<\/p>\n<p>Ciekawie zapowiadaj\u0105 si\u0119 <span style=\"color: #339966;\"><strong>warsztaty przygotowane przez<\/strong> <a style=\"color: #339966;\" href=\"https:\/\/epi-centrum.bialystok.pl\/\">Epi-Centrum Nauki<\/a>,<\/span> podczas kt\u00f3rych uczestnicy poznaj\u0105 tajniki druku 3D oraz b\u0119d\u0105 mieli okazj\u0119 stworzy\u0107 w\u0142asne, tr\u00f3jwymiarowe wydruki. Na warsztaty obowi\u0105zuje rejestracja, szczeg\u00f3\u0142y poni\u017cej:<\/p>\n<p style=\"text-align: center;\"><span style=\"color: #993300;\"><strong><span style=\"font-size: 14pt;\">REJESTRACJA ZAMKNI\u0118TA na Warsztaty Druku 3D &#8211; pocz\u0105tek godz. 10:00<\/span><\/strong><\/span><\/p>\n<p style=\"text-align: center;\">Obowi\u0105zuje kolejno\u015b\u0107 rejestracji &#8211; liczba miejsc ograniczona do 25<\/p>\n<p style=\"text-align: center;\">Warsztaty s\u0105 przeznaczone dzieciom w wieku <strong>od 10 do 14 lat<\/strong><\/p>\n<p style=\"text-align: center;\"><strong>W oddzielnym mailu poinformujemy o zakwalifikowaniu si\u0119 na warsztaty<\/strong><\/p>\n<p><img decoding=\"async\" loading=\"lazy\" class=\"alignnone size-full wp-image-12210\" src=\"https:\/\/technopark.elk.pl\/wp-content\/uploads\/2023\/05\/Colorful-playful-childish-astronomy-project-cover-a4-Document5.png\" alt=\"\" width=\"1414\" height=\"2000\" srcset=\"https:\/\/technopark.elk.pl\/wp-content\/uploads\/2023\/05\/Colorful-playful-childish-astronomy-project-cover-a4-Document5.png 1414w, https:\/\/technopark.elk.pl\/wp-content\/uploads\/2023\/05\/Colorful-playful-childish-astronomy-project-cover-a4-Document5-212x300.png 212w, https:\/\/technopark.elk.pl\/wp-content\/uploads\/2023\/05\/Colorful-playful-childish-astronomy-project-cover-a4-Document5-724x1024.png 724w, https:\/\/technopark.elk.pl\/wp-content\/uploads\/2023\/05\/Colorful-playful-childish-astronomy-project-cover-a4-Document5-768x1086.png 768w, https:\/\/technopark.elk.pl\/wp-content\/uploads\/2023\/05\/Colorful-playful-childish-astronomy-project-cover-a4-Document5-1086x1536.png 1086w, https:\/\/technopark.elk.pl\/wp-content\/uploads\/2023\/05\/Colorful-playful-childish-astronomy-project-cover-a4-Document5-267x377.png 267w, https:\/\/technopark.elk.pl\/wp-content\/uploads\/2023\/05\/Colorful-playful-childish-astronomy-project-cover-a4-Document5-113x160.png 113w, https:\/\/technopark.elk.pl\/wp-content\/uploads\/2023\/05\/Colorful-playful-childish-astronomy-project-cover-a4-Document5-71x100.png 71w\" sizes=\"(max-width: 1414px) 100vw, 1414px\" \/><\/p>\n<p>&nbsp;<\/p>\n<\/div>\n<\/div>\n<\/div>\n<p>&nbsp;<\/p>\n","protected":false},"excerpt":{"rendered":"<p>Zapraszamy serdecznie na wyj\u0105tkowe wydarzenie, kt\u00f3re odb\u0119dzie si\u0119 20 maja w godzinach 9:00-14:30, z okazji 550. rocznicy urodzin Miko\u0142aja Kopernika. Organizatorem imprezy jest Park Naukowo-Technologiczny w E\u0142ku. Tego dnia, ka\u017cdy z nas b\u0119dzie mia\u0142 okazj\u0119 pozna\u0107 tajniki kosmosu&nbsp; w ciekawy i interaktywny spos\u00f3b. Przygotowali\u015bmy bogaty program, kt\u00f3ry z pewno\u015bci\u0105 zainteresuje zar\u00f3wno m\u0142odszych, jak i starszych [&hellip;]<\/p>\n","protected":false},"author":4,"featured_media":12156,"comment_status":"closed","ping_status":"closed","sticky":false,"template":"","format":"standard","meta":{"footnotes":""},"categories":[9],"tags":[],"post_folder":[],"acf":[],"yoast_head":"<!-- This site is optimized with the Yoast SEO plugin v22.6 - https:\/\/yoast.com\/wordpress\/plugins\/seo\/ -->\n<title>WARIACJE Z NAUK\u0104 w E\u0142ku - wyj\u0105tkowe wydarzenie z okazji 550. rocznicy urodzin Miko\u0142aja Kopernika! - Technopark<\/title>\n<meta name=\"robots\" content=\"index, follow, max-snippet:-1, max-image-preview:large, max-video-preview:-1\" \/>\n<link rel=\"canonical\" href=\"https:\/\/technopark.elk.pl\/en\/2023\/05\/05\/wariacje-z-nauka-w-elku-wyjatkowe-wydarzenie-z-okazji-550-rocznicy-urodzin-mikolaja-kopernika\/\" \/>\n<meta property=\"og:locale\" content=\"en_US\" \/>\n<meta property=\"og:type\" content=\"article\" \/>\n<meta property=\"og:title\" content=\"WARIACJE Z NAUK\u0104 w E\u0142ku - wyj\u0105tkowe wydarzenie z okazji 550. rocznicy urodzin Miko\u0142aja Kopernika! - Technopark\" \/>\n<meta property=\"og:description\" content=\"Zapraszamy serdecznie na wyj\u0105tkowe wydarzenie, kt\u00f3re odb\u0119dzie si\u0119 20 maja w godzinach 9:00-14:30, z okazji 550. rocznicy urodzin Miko\u0142aja Kopernika. Organizatorem imprezy jest Park Naukowo-Technologiczny w E\u0142ku. Tego dnia, ka\u017cdy z nas b\u0119dzie mia\u0142 okazj\u0119 pozna\u0107 tajniki kosmosu&nbsp; w ciekawy i interaktywny spos\u00f3b. Przygotowali\u015bmy bogaty program, kt\u00f3ry z pewno\u015bci\u0105 zainteresuje zar\u00f3wno m\u0142odszych, jak i starszych [&hellip;]\" \/>\n<meta property=\"og:url\" content=\"https:\/\/technopark.elk.pl\/2023\/05\/05\/wariacje-z-nauka-w-elku-wyjatkowe-wydarzenie-z-okazji-550-rocznicy-urodzin-mikolaja-kopernika\/\" \/>\n<meta property=\"og:site_name\" content=\"Technopark\" \/>\n<meta property=\"article:publisher\" content=\"https:\/\/www.facebook.com\/technopark.elk\" \/>\n<meta property=\"article:published_time\" content=\"2023-05-05T07:49:23+00:00\" \/>\n<meta property=\"article:modified_time\" content=\"2023-05-15T05:43:34+00:00\" \/>\n<meta property=\"og:image\" content=\"https:\/\/technopark.elk.pl\/wp-content\/uploads\/2023\/05\/By-Olivia-Wilson6.png\" \/>\n\t<meta property=\"og:image:width\" content=\"940\" \/>\n\t<meta property=\"og:image:height\" content=\"788\" \/>\n\t<meta property=\"og:image:type\" content=\"image\/png\" \/>\n<meta name=\"author\" content=\"Hara\u015b\" \/>\n<meta name=\"twitter:card\" content=\"summary_large_image\" \/>\n<meta name=\"twitter:label1\" content=\"Written by\" \/>\n\t<meta name=\"twitter:data1\" content=\"Hara\u015b\" \/>\n\t<meta name=\"twitter:label2\" content=\"Est. reading time\" \/>\n\t<meta name=\"twitter:data2\" content=\"2 minutes\" \/>\n<script type=\"application\/ld+json\" class=\"yoast-schema-graph\">{\"@context\":\"https:\/\/schema.org\",\"@graph\":[{\"@type\":\"WebPage\",\"@id\":\"https:\/\/technopark.elk.pl\/2023\/05\/05\/wariacje-z-nauka-w-elku-wyjatkowe-wydarzenie-z-okazji-550-rocznicy-urodzin-mikolaja-kopernika\/\",\"url\":\"https:\/\/technopark.elk.pl\/2023\/05\/05\/wariacje-z-nauka-w-elku-wyjatkowe-wydarzenie-z-okazji-550-rocznicy-urodzin-mikolaja-kopernika\/\",\"name\":\"WARIACJE Z NAUK\u0104 w E\u0142ku - wyj\u0105tkowe wydarzenie z okazji 550. rocznicy urodzin Miko\u0142aja Kopernika! - Technopark\",\"isPartOf\":{\"@id\":\"https:\/\/technopark.elk.pl\/#website\"},\"primaryImageOfPage\":{\"@id\":\"https:\/\/technopark.elk.pl\/2023\/05\/05\/wariacje-z-nauka-w-elku-wyjatkowe-wydarzenie-z-okazji-550-rocznicy-urodzin-mikolaja-kopernika\/#primaryimage\"},\"image\":{\"@id\":\"https:\/\/technopark.elk.pl\/2023\/05\/05\/wariacje-z-nauka-w-elku-wyjatkowe-wydarzenie-z-okazji-550-rocznicy-urodzin-mikolaja-kopernika\/#primaryimage\"},\"thumbnailUrl\":\"https:\/\/technopark.elk.pl\/wp-content\/uploads\/2023\/05\/By-Olivia-Wilson6.png\",\"datePublished\":\"2023-05-05T07:49:23+00:00\",\"dateModified\":\"2023-05-15T05:43:34+00:00\",\"author\":{\"@id\":\"https:\/\/technopark.elk.pl\/#\/schema\/person\/f16e3dc0a620211aa936ef2b1b739e14\"},\"breadcrumb\":{\"@id\":\"https:\/\/technopark.elk.pl\/2023\/05\/05\/wariacje-z-nauka-w-elku-wyjatkowe-wydarzenie-z-okazji-550-rocznicy-urodzin-mikolaja-kopernika\/#breadcrumb\"},\"inLanguage\":\"en-US\",\"potentialAction\":[{\"@type\":\"ReadAction\",\"target\":[\"https:\/\/technopark.elk.pl\/2023\/05\/05\/wariacje-z-nauka-w-elku-wyjatkowe-wydarzenie-z-okazji-550-rocznicy-urodzin-mikolaja-kopernika\/\"]}]},{\"@type\":\"ImageObject\",\"inLanguage\":\"en-US\",\"@id\":\"https:\/\/technopark.elk.pl\/2023\/05\/05\/wariacje-z-nauka-w-elku-wyjatkowe-wydarzenie-z-okazji-550-rocznicy-urodzin-mikolaja-kopernika\/#primaryimage\",\"url\":\"https:\/\/technopark.elk.pl\/wp-content\/uploads\/2023\/05\/By-Olivia-Wilson6.png\",\"contentUrl\":\"https:\/\/technopark.elk.pl\/wp-content\/uploads\/2023\/05\/By-Olivia-Wilson6.png\",\"width\":940,\"height\":788},{\"@type\":\"BreadcrumbList\",\"@id\":\"https:\/\/technopark.elk.pl\/2023\/05\/05\/wariacje-z-nauka-w-elku-wyjatkowe-wydarzenie-z-okazji-550-rocznicy-urodzin-mikolaja-kopernika\/#breadcrumb\",\"itemListElement\":[{\"@type\":\"ListItem\",\"position\":1,\"name\":\"Strona g\u0142\u00f3wna\",\"item\":\"https:\/\/technopark.elk.pl\/en\/\"},{\"@type\":\"ListItem\",\"position\":2,\"name\":\"WARIACJE Z NAUK\u0104 w E\u0142ku &#8211; wyj\u0105tkowe wydarzenie z okazji 550. rocznicy urodzin Miko\u0142aja Kopernika!\"}]},{\"@type\":\"WebSite\",\"@id\":\"https:\/\/technopark.elk.pl\/#website\",\"url\":\"https:\/\/technopark.elk.pl\/\",\"name\":\"Technopark\",\"description\":\"Park Naukowo-Technologiczny w E\u0142ku\",\"potentialAction\":[{\"@type\":\"SearchAction\",\"target\":{\"@type\":\"EntryPoint\",\"urlTemplate\":\"https:\/\/technopark.elk.pl\/?s={search_term_string}\"},\"query-input\":\"required name=search_term_string\"}],\"inLanguage\":\"en-US\"},{\"@type\":\"Person\",\"@id\":\"https:\/\/technopark.elk.pl\/#\/schema\/person\/f16e3dc0a620211aa936ef2b1b739e14\",\"name\":\"Hara\u015b\",\"sameAs\":[\"https:\/\/serwer2632961.hosting-home.pl\"],\"url\":\"https:\/\/technopark.elk.pl\/en\/author\/pawel\/\"}]}<\/script>\n<!-- \/ Yoast SEO plugin. -->","yoast_head_json":{"title":"WARIACJE Z NAUK\u0104 w E\u0142ku - wyj\u0105tkowe wydarzenie z okazji 550. rocznicy urodzin Miko\u0142aja Kopernika! - Technopark","robots":{"index":"index","follow":"follow","max-snippet":"max-snippet:-1","max-image-preview":"max-image-preview:large","max-video-preview":"max-video-preview:-1"},"canonical":"https:\/\/technopark.elk.pl\/en\/2023\/05\/05\/wariacje-z-nauka-w-elku-wyjatkowe-wydarzenie-z-okazji-550-rocznicy-urodzin-mikolaja-kopernika\/","og_locale":"en_US","og_type":"article","og_title":"WARIACJE Z NAUK\u0104 w E\u0142ku - wyj\u0105tkowe wydarzenie z okazji 550. rocznicy urodzin Miko\u0142aja Kopernika! - Technopark","og_description":"Zapraszamy serdecznie na wyj\u0105tkowe wydarzenie, kt\u00f3re odb\u0119dzie si\u0119 20 maja w godzinach 9:00-14:30, z okazji 550. rocznicy urodzin Miko\u0142aja Kopernika. Organizatorem imprezy jest Park Naukowo-Technologiczny w E\u0142ku. Tego dnia, ka\u017cdy z nas b\u0119dzie mia\u0142 okazj\u0119 pozna\u0107 tajniki kosmosu&nbsp; w ciekawy i interaktywny spos\u00f3b. Przygotowali\u015bmy bogaty program, kt\u00f3ry z pewno\u015bci\u0105 zainteresuje zar\u00f3wno m\u0142odszych, jak i starszych [&hellip;]","og_url":"https:\/\/technopark.elk.pl\/2023\/05\/05\/wariacje-z-nauka-w-elku-wyjatkowe-wydarzenie-z-okazji-550-rocznicy-urodzin-mikolaja-kopernika\/","og_site_name":"Technopark","article_publisher":"https:\/\/www.facebook.com\/technopark.elk","article_published_time":"2023-05-05T07:49:23+00:00","article_modified_time":"2023-05-15T05:43:34+00:00","og_image":[{"width":940,"height":788,"url":"https:\/\/technopark.elk.pl\/wp-content\/uploads\/2023\/05\/By-Olivia-Wilson6.png","type":"image\/png"}],"author":"Hara\u015b","twitter_card":"summary_large_image","twitter_misc":{"Written by":"Hara\u015b","Est. reading time":"2 minutes"},"schema":{"@context":"https:\/\/schema.org","@graph":[{"@type":"WebPage","@id":"https:\/\/technopark.elk.pl\/2023\/05\/05\/wariacje-z-nauka-w-elku-wyjatkowe-wydarzenie-z-okazji-550-rocznicy-urodzin-mikolaja-kopernika\/","url":"https:\/\/technopark.elk.pl\/2023\/05\/05\/wariacje-z-nauka-w-elku-wyjatkowe-wydarzenie-z-okazji-550-rocznicy-urodzin-mikolaja-kopernika\/","name":"WARIACJE Z NAUK\u0104 w E\u0142ku - wyj\u0105tkowe wydarzenie z okazji 550. rocznicy urodzin Miko\u0142aja Kopernika! - Technopark","isPartOf":{"@id":"https:\/\/technopark.elk.pl\/#website"},"primaryImageOfPage":{"@id":"https:\/\/technopark.elk.pl\/2023\/05\/05\/wariacje-z-nauka-w-elku-wyjatkowe-wydarzenie-z-okazji-550-rocznicy-urodzin-mikolaja-kopernika\/#primaryimage"},"image":{"@id":"https:\/\/technopark.elk.pl\/2023\/05\/05\/wariacje-z-nauka-w-elku-wyjatkowe-wydarzenie-z-okazji-550-rocznicy-urodzin-mikolaja-kopernika\/#primaryimage"},"thumbnailUrl":"https:\/\/technopark.elk.pl\/wp-content\/uploads\/2023\/05\/By-Olivia-Wilson6.png","datePublished":"2023-05-05T07:49:23+00:00","dateModified":"2023-05-15T05:43:34+00:00","author":{"@id":"https:\/\/technopark.elk.pl\/#\/schema\/person\/f16e3dc0a620211aa936ef2b1b739e14"},"breadcrumb":{"@id":"https:\/\/technopark.elk.pl\/2023\/05\/05\/wariacje-z-nauka-w-elku-wyjatkowe-wydarzenie-z-okazji-550-rocznicy-urodzin-mikolaja-kopernika\/#breadcrumb"},"inLanguage":"en-US","potentialAction":[{"@type":"ReadAction","target":["https:\/\/technopark.elk.pl\/2023\/05\/05\/wariacje-z-nauka-w-elku-wyjatkowe-wydarzenie-z-okazji-550-rocznicy-urodzin-mikolaja-kopernika\/"]}]},{"@type":"ImageObject","inLanguage":"en-US","@id":"https:\/\/technopark.elk.pl\/2023\/05\/05\/wariacje-z-nauka-w-elku-wyjatkowe-wydarzenie-z-okazji-550-rocznicy-urodzin-mikolaja-kopernika\/#primaryimage","url":"https:\/\/technopark.elk.pl\/wp-content\/uploads\/2023\/05\/By-Olivia-Wilson6.png","contentUrl":"https:\/\/technopark.elk.pl\/wp-content\/uploads\/2023\/05\/By-Olivia-Wilson6.png","width":940,"height":788},{"@type":"BreadcrumbList","@id":"https:\/\/technopark.elk.pl\/2023\/05\/05\/wariacje-z-nauka-w-elku-wyjatkowe-wydarzenie-z-okazji-550-rocznicy-urodzin-mikolaja-kopernika\/#breadcrumb","itemListElement":[{"@type":"ListItem","position":1,"name":"Strona g\u0142\u00f3wna","item":"https:\/\/technopark.elk.pl\/en\/"},{"@type":"ListItem","position":2,"name":"WARIACJE Z NAUK\u0104 w E\u0142ku &#8211; wyj\u0105tkowe wydarzenie z okazji 550. rocznicy urodzin Miko\u0142aja Kopernika!"}]},{"@type":"WebSite","@id":"https:\/\/technopark.elk.pl\/#website","url":"https:\/\/technopark.elk.pl\/","name":"Technopark","description":"Park Naukowo-Technologiczny w E\u0142ku","potentialAction":[{"@type":"SearchAction","target":{"@type":"EntryPoint","urlTemplate":"https:\/\/technopark.elk.pl\/?s={search_term_string}"},"query-input":"required name=search_term_string"}],"inLanguage":"en-US"},{"@type":"Person","@id":"https:\/\/technopark.elk.pl\/#\/schema\/person\/f16e3dc0a620211aa936ef2b1b739e14","name":"Hara\u015b","sameAs":["https:\/\/serwer2632961.hosting-home.pl"],"url":"https:\/\/technopark.elk.pl\/en\/author\/pawel\/"}]}},"_links":{"self":[{"href":"https:\/\/technopark.elk.pl\/en\/wp-json\/wp\/v2\/posts\/12149"}],"collection":[{"href":"https:\/\/technopark.elk.pl\/en\/wp-json\/wp\/v2\/posts"}],"about":[{"href":"https:\/\/technopark.elk.pl\/en\/wp-json\/wp\/v2\/types\/post"}],"author":[{"embeddable":true,"href":"https:\/\/technopark.elk.pl\/en\/wp-json\/wp\/v2\/users\/4"}],"replies":[{"embeddable":true,"href":"https:\/\/technopark.elk.pl\/en\/wp-json\/wp\/v2\/comments?post=12149"}],"version-history":[{"count":13,"href":"https:\/\/technopark.elk.pl\/en\/wp-json\/wp\/v2\/posts\/12149\/revisions"}],"predecessor-version":[{"id":12296,"href":"https:\/\/technopark.elk.pl\/en\/wp-json\/wp\/v2\/posts\/12149\/revisions\/12296"}],"wp:featuredmedia":[{"embeddable":true,"href":"https:\/\/technopark.elk.pl\/en\/wp-json\/wp\/v2\/media\/12156"}],"wp:attachment":[{"href":"https:\/\/technopark.elk.pl\/en\/wp-json\/wp\/v2\/media?parent=12149"}],"wp:term":[{"taxonomy":"category","embeddable":true,"href":"https:\/\/technopark.elk.pl\/en\/wp-json\/wp\/v2\/categories?post=12149"},{"taxonomy":"post_tag","embeddable":true,"href":"https:\/\/technopark.elk.pl\/en\/wp-json\/wp\/v2\/tags?post=12149"},{"taxonomy":"post_folder","embeddable":true,"href":"https:\/\/technopark.elk.pl\/en\/wp-json\/wp\/v2\/post_folder?post=12149"}],"curies":[{"name":"wp","href":"https:\/\/api.w.org\/{rel}","templated":true}]}}